{"id":1533,"date":"2017-11-12T16:15:09","date_gmt":"2017-11-12T15:15:09","guid":{"rendered":"http:\/\/www.bueroplasz.de\/design\/?p=1533"},"modified":"2023-08-28T10:37:21","modified_gmt":"2023-08-28T09:37:21","slug":"haus-hohe-pappeln","status":"publish","type":"post","link":"https:\/\/www.bueroplasz.de\/design\/?p=1533","title":{"rendered":"Haus Hohe Pappeln"},"content":{"rendered":"\n<figure class=\"wp-block-image is-resized\"><a href=\"https:\/\/www.bueroplasz.de\/design\/wp-content\/uploads\/2016\/12\/Haus_Hohe_Pappeln_Henry_van_de_Velde1.jpg\"><img decoding=\"async\" src=\"https:\/\/www.bueroplasz.de\/design\/wp-content\/uploads\/2016\/12\/Haus_Hohe_Pappeln_Henry_van_de_Velde1.jpg\" alt=\"80-2011-0208\" class=\"wp-image-1537\" style=\"width:630px\" width=\"630\" srcset=\"https:\/\/www.bueroplasz.de\/design\/wp-content\/uploads\/2016\/12\/Haus_Hohe_Pappeln_Henry_van_de_Velde1.jpg 480w, https:\/\/www.bueroplasz.de\/design\/wp-content\/uploads\/2016\/12\/Haus_Hohe_Pappeln_Henry_van_de_Velde1-300x215.jpg 300w\" sizes=\"(max-width: 480px) 85vw, 480px\" \/><\/a><\/figure>\n\n\n\n<figure class=\"wp-block-image is-resized\"><a href=\"https:\/\/www.bueroplasz.de\/design\/wp-content\/uploads\/2016\/12\/Haus-Hohe-Pappeln-DSC06287.jpg\"><img decoding=\"async\" src=\"https:\/\/www.bueroplasz.de\/design\/wp-content\/uploads\/2016\/12\/Haus-Hohe-Pappeln-DSC06287.jpg\" alt=\"Haus Hohe Pappeln DSC06287\" class=\"wp-image-1534\" style=\"width:630px\" width=\"630\" srcset=\"https:\/\/www.bueroplasz.de\/design\/wp-content\/uploads\/2016\/12\/Haus-Hohe-Pappeln-DSC06287.jpg 480w, https:\/\/www.bueroplasz.de\/design\/wp-content\/uploads\/2016\/12\/Haus-Hohe-Pappeln-DSC06287-300x200.jpg 300w\" sizes=\"(max-width: 480px) 85vw, 480px\" \/><\/a><\/figure>\n\n\n\n<figure class=\"wp-block-image is-resized\"><a href=\"https:\/\/www.bueroplasz.de\/design\/wp-content\/uploads\/2016\/12\/HhP.jpg\"><img decoding=\"async\" src=\"https:\/\/www.bueroplasz.de\/design\/wp-content\/uploads\/2016\/12\/HhP.jpg\" alt=\"HhP\" class=\"wp-image-1536\" style=\"width:630px\" width=\"630\" srcset=\"https:\/\/www.bueroplasz.de\/design\/wp-content\/uploads\/2016\/12\/HhP.jpg 480w, https:\/\/www.bueroplasz.de\/design\/wp-content\/uploads\/2016\/12\/HhP-300x168.jpg 300w\" sizes=\"(max-width: 480px) 85vw, 480px\" \/><\/a><\/figure>\n\n\n\n<p class=\"has-small-font-size\">Forschungsauftrag f\u00fcr Henry van de Velde\u00b4s &#8220;Haus Hohe Pappeln&#8221; in Weimar. Im Auftrag der Klassik Stiftung Weimar entwickeln wir in den n\u00e4chsten Monaten eine denkmalpflegerische Zielstellung f\u00fcr die Architektur-Ikone, die&nbsp;auch \u00dcberlegungen zum Nutzungskonzept des historischen Geb\u00e4udes einschlie\u00dfen wird.<\/p>\n","protected":false},"excerpt":{"rendered":"<p>Forschungsauftrag f\u00fcr Henry van de Velde\u00b4s &#8220;Haus Hohe Pappeln&#8221; in Weimar. Im Auftrag der Klassik Stiftung Weimar entwickeln wir in den n\u00e4chsten Monaten eine denkmalpflegerische Zielstellung f\u00fcr die Architektur-Ikone, die&nbsp;auch \u00dcberlegungen zum Nutzungskonzept des historischen Geb\u00e4udes einschlie\u00dfen wird.<\/p>\n","protected":false},"author":2,"featured_media":0,"comment_status":"open","ping_status":"open","sticky":false,"template":"","format":"standard","meta":{"footnotes":""},"categories":[205],"tags":[16,15,423,424,109,425,158,475,203],"class_list":["post-1533","post","type-post","status-publish","format-standard","hentry","category-klassik-stiftung-weimar","tag-bueroplasz","tag-claus-laemmle","tag-denkmalpflege","tag-denkmalpflegerische-zielstellung","tag-gesamtgestaltung","tag-haus-hohe-pappeln","tag-henry-van-de-velde","tag-klassik-stiftung-weimar","tag-weimar"],"_links":{"self":[{"href":"https:\/\/www.bueroplasz.de\/design\/index.php?rest_route=\/wp\/v2\/posts\/1533","targetHints":{"allow":["GET"]}}],"collection":[{"href":"https:\/\/www.bueroplasz.de\/design\/index.php?rest_route=\/wp\/v2\/posts"}],"about":[{"href":"https:\/\/www.bueroplasz.de\/design\/index.php?rest_route=\/wp\/v2\/types\/post"}],"author":[{"embeddable":true,"href":"https:\/\/www.bueroplasz.de\/design\/index.php?rest_route=\/wp\/v2\/users\/2"}],"replies":[{"embeddable":true,"href":"https:\/\/www.bueroplasz.de\/design\/index.php?rest_route=%2Fwp%2Fv2%2Fcomments&post=1533"}],"version-history":[{"count":11,"href":"https:\/\/www.bueroplasz.de\/design\/index.php?rest_route=\/wp\/v2\/posts\/1533\/revisions"}],"predecessor-version":[{"id":2555,"href":"https:\/\/www.bueroplasz.de\/design\/index.php?rest_route=\/wp\/v2\/posts\/1533\/revisions\/2555"}],"wp:attachment":[{"href":"https:\/\/www.bueroplasz.de\/design\/index.php?rest_route=%2Fwp%2Fv2%2Fmedia&parent=1533"}],"wp:term":[{"taxonomy":"category","embeddable":true,"href":"https:\/\/www.bueroplasz.de\/design\/index.php?rest_route=%2Fwp%2Fv2%2Fcategories&post=1533"},{"taxonomy":"post_tag","embeddable":true,"href":"https:\/\/www.bueroplasz.de\/design\/index.php?rest_route=%2Fwp%2Fv2%2Ftags&post=1533"}],"curies":[{"name":"wp","href":"https:\/\/api.w.org\/{rel}","templated":true}]}}