{"id":326,"date":"1996-06-16T09:00:07","date_gmt":"1996-06-16T08:00:07","guid":{"rendered":"http:\/\/www.bueroplasz.de\/design\/?p=326"},"modified":"2023-08-30T16:52:17","modified_gmt":"2023-08-30T15:52:17","slug":"ortswechsel-nicht-erforderlich","status":"publish","type":"post","link":"https:\/\/www.bueroplasz.de\/design\/?p=326","title":{"rendered":"&#8220;Ortswechsel nicht erforderlich&#8221;"},"content":{"rendered":"\n<figure class=\"wp-block-image is-resized\"><a href=\"https:\/\/www.bueroplasz.de\/design\/wp-content\/uploads\/2008\/01\/ute-gaennsle-2.jpg\"><img decoding=\"async\" src=\"https:\/\/www.bueroplasz.de\/design\/wp-content\/uploads\/2008\/01\/ute-gaennsle-2.jpg\" alt=\"ute-gaennsle-2.jpg\" style=\"width:630px\" width=\"630\"\/><\/a><\/figure>\n\n\n\n<figure class=\"wp-block-image is-resized\"><a href=\"https:\/\/www.bueroplasz.de\/design\/wp-content\/uploads\/2008\/01\/ute-gaenssle-1.jpg\"><img decoding=\"async\" src=\"https:\/\/www.bueroplasz.de\/design\/wp-content\/uploads\/2008\/01\/ute-gaenssle-1.jpg\" alt=\"ute-gaenssle-1.jpg\" style=\"width:630px\" width=\"630\"\/><\/a><\/figure>\n\n\n\n<p class=\"has-small-font-size\">Katalog f\u00fcr die Ausstellung \u201cOrtswechsel nicht reforderlich\u201d von Ute Gaenssle, Stipendiaten im K\u00fcnstlerhaus Schlo\u00df Balmoral &#8211; als Beitrag zum Kultursommer Rheinland-Pfalz 1996. 21\u00d717,5 cm, 4-fach Klappe, 16 Seiten.<\/p>\n","protected":false},"excerpt":{"rendered":"<p>Katalog f\u00fcr die Ausstellung \u201cOrtswechsel nicht reforderlich\u201d von Ute Gaenssle, Stipendiaten im K\u00fcnstlerhaus Schlo\u00df Balmoral &#8211; als Beitrag zum Kultursommer Rheinland-Pfalz 1996. 21\u00d717,5 cm, 4-fach Klappe, 16 Seiten.<\/p>\n","protected":false},"author":2,"featured_media":0,"comment_status":"open","ping_status":"open","sticky":false,"template":"","format":"standard","meta":{"footnotes":""},"categories":[54],"tags":[],"class_list":["post-326","post","type-post","status-publish","format-standard","hentry","category-bucher"],"_links":{"self":[{"href":"https:\/\/www.bueroplasz.de\/design\/index.php?rest_route=\/wp\/v2\/posts\/326","targetHints":{"allow":["GET"]}}],"collection":[{"href":"https:\/\/www.bueroplasz.de\/design\/index.php?rest_route=\/wp\/v2\/posts"}],"about":[{"href":"https:\/\/www.bueroplasz.de\/design\/index.php?rest_route=\/wp\/v2\/types\/post"}],"author":[{"embeddable":true,"href":"https:\/\/www.bueroplasz.de\/design\/index.php?rest_route=\/wp\/v2\/users\/2"}],"replies":[{"embeddable":true,"href":"https:\/\/www.bueroplasz.de\/design\/index.php?rest_route=%2Fwp%2Fv2%2Fcomments&post=326"}],"version-history":[{"count":1,"href":"https:\/\/www.bueroplasz.de\/design\/index.php?rest_route=\/wp\/v2\/posts\/326\/revisions"}],"predecessor-version":[{"id":2732,"href":"https:\/\/www.bueroplasz.de\/design\/index.php?rest_route=\/wp\/v2\/posts\/326\/revisions\/2732"}],"wp:attachment":[{"href":"https:\/\/www.bueroplasz.de\/design\/index.php?rest_route=%2Fwp%2Fv2%2Fmedia&parent=326"}],"wp:term":[{"taxonomy":"category","embeddable":true,"href":"https:\/\/www.bueroplasz.de\/design\/index.php?rest_route=%2Fwp%2Fv2%2Fcategories&post=326"},{"taxonomy":"post_tag","embeddable":true,"href":"https:\/\/www.bueroplasz.de\/design\/index.php?rest_route=%2Fwp%2Fv2%2Ftags&post=326"}],"curies":[{"name":"wp","href":"https:\/\/api.w.org\/{rel}","templated":true}]}}